{"id":6235,"date":"2021-02-15T09:51:01","date_gmt":"2021-02-15T08:51:01","guid":{"rendered":"https:\/\/walking-food-tours.com\/marseille-food-tour-3h\/"},"modified":"2021-06-03T11:05:38","modified_gmt":"2021-06-03T10:05:38","slug":"tour-gastronomico-marsella-3h","status":"publish","type":"post","link":"https:\/\/walking-food-tours.com\/es\/tour-gastronomico-marsella-3h\/","title":{"rendered":"TOUR GASTRON\u00d3MICO DE MARSELLA &#8211; 3H00"},"content":{"rendered":"<!--themify_builder_content-->\n<div id=\"themify_builder_content-6235\" data-postid=\"6235\" class=\"themify_builder_content themify_builder_content-6235 themify_builder tf_clear\">\n                    <div  data-lazy=\"1\" class=\"module_row themify_builder_row tb_g6r1948 tb_first tf_w\">\n            <span class=\"builder_row_cover tf_abs\"><\/span>            <div class=\"row_inner col_align_top tb_col_count_2 tf_box tf_rel\">\n                        <div  data-lazy=\"1\" class=\"module_column tb-column col4-2 tb_cys9955 first\">\n                            <\/div>\n                    <div  data-lazy=\"1\" class=\"module_column tb-column col4-2 tb_kk2u743 last\">\n                            <\/div>\n                        <\/div>\n        <\/div>\n                        <div  data-lazy=\"1\" class=\"module_row themify_builder_row tb_7akn184 tf_w\">\n                        <div class=\"row_inner col_align_top tb_col_count_1 tf_box tf_rel\">\n                        <div  data-lazy=\"1\" class=\"module_column tb-column col-full tb_rnh2184 first\">\n                    <!-- module fancy heading -->\n<div  class=\"module module-fancy-heading tb_ttn0184 \" data-lazy=\"1\">\n        <h1 class=\"fancy-heading tf_textc\">\n    <span class=\"main-head tf_block\">\n                    Tour gastron\u00f3mico de Marsella 3h            <\/span>\n\n    \n    <span class=\"sub-head tf_block tf_rel\">\n                    PASEO GASTRON\u00d3MICO POR EL CENTRO HIST\u00d3RICO DE MARSELLA            <\/span>\n    <\/h1>\n<\/div>\n<!-- \/module fancy heading -->\n        <\/div>\n                        <\/div>\n        <\/div>\n                        <div  data-css_id=\"ie7x296\" data-lazy=\"1\" class=\"module_row themify_builder_row tour-title fullwidth_row_container tb_ie7x296 tf_w\">\n                        <div class=\"row_inner col_align_top tb_col_count_2 tf_box tf_rel\">\n                        <div  data-lazy=\"1\" class=\"module_column tb-column col4-2 tb_mfbi297 first\">\n                    <!-- module text -->\n<div  class=\"module module-text tb_sp8l297   \" data-lazy=\"1\">\n        <div  class=\"tb_text_wrap\">\n        <p>Nos encontraremos en la estaci\u00f3n de metro \u00abVieux Port\u00bb.<\/p><p>Tras un breve paseo por los muelles, en el famoso mercado del pescado, pasaremos por delante del antiguo puerto de Marsella, en esta ocasi\u00f3n, descubrir\u00e1 la incre\u00edble historia de esta ciudad griega: Massalia.<\/p><p>Descubra Marsella y su centro explorando su barrio m\u00e1s cosmopolita, el de Noailles, conocido por sus especialidades culinarias de todo el mundo. Este barrio es tambi\u00e9n el m\u00e1s at\u00edpico de Marsella.<\/p>    <\/div>\n<\/div>\n<!-- \/module text -->        <\/div>\n                    <div  data-lazy=\"1\" class=\"module_column tb-column col4-2 tb_w6my298 last\">\n                    <!-- module image -->\n<div  class=\"module module-image tb_kbxj298 image-top   tf_mw\" data-lazy=\"1\">\n        <div class=\"image-wrap tf_rel tf_mw\">\n            <img loading=\"lazy\" decoding=\"async\" width=\"1200\" height=\"800\" src=\"https:\/\/walking-food-tours.com\/wp-content\/uploads\/2021\/02\/marche-aux-poissons-de-Marseille-1-1.jpg\" class=\"wp-post-image wp-image-4998\" title=\"Mercados de pescado de Marsella\" alt=\"Mercados de pescado de Marsella\">    \n        <\/div>\n    <!-- \/image-wrap -->\n    \n        <\/div>\n<!-- \/module image -->        <\/div>\n                        <\/div>\n        <\/div>\n                        <div  data-css_id=\"i87s446\" data-lazy=\"1\" class=\"module_row themify_builder_row tour-title fullwidth_row_container tb_i87s446 tf_w\">\n                        <div class=\"row_inner col_align_top tb_col_count_2 tf_box tf_rel\">\n                        <div  data-lazy=\"1\" class=\"module_column tb-column col4-2 tb_kded447 first\">\n                    <!-- module image -->\n<div  class=\"module module-image tb_4wht447 image-top   tf_mw\" data-lazy=\"1\">\n        <div class=\"image-wrap tf_rel tf_mw\">\n            <img loading=\"lazy\" decoding=\"async\" width=\"600\" height=\"450\" src=\"https:\/\/walking-food-tours.com\/wp-content\/uploads\/2021\/02\/23-Quartier-du-Panier-sur-Marseille-.jpg\" class=\"wp-post-image wp-image-6311\" title=\"Le Panier - Marseille\" alt=\"Le Panier - Marseille\">    \n        <\/div>\n    <!-- \/image-wrap -->\n    \n        <\/div>\n<!-- \/module image -->        <\/div>\n                    <div  data-lazy=\"1\" class=\"module_column tb-column col4-2 tb_1v2d447 last\">\n                    <!-- module text -->\n<div  class=\"module module-text tb_2lpt447   \" data-lazy=\"1\">\n        <div  class=\"tb_text_wrap\">\n        <p>Nos tomaremos el tiempo de apreciar los olores que emanan de todos estos peque\u00f1os restaurantes. En el recodo de la calle, seguramente oir\u00e1 hablar otros idiomas, pero escuche&#8230; \u00a1Es sobre todo el acento marsell\u00e9s el que le encantar\u00e1!<\/p><h3 style=\"text-align: center;\">\u00bfSABE USTED DE D\u00d3NDE VIENE EL PASTIS DE MARSELLA?<\/h3><p>A continuaci\u00f3n, dir\u00edjase al barrio de Belsunce: pasear\u00e1 entre colores, sabores y gente c\u00e1lida en un ambiente multicultural.<\/p><p>Descubrir\u00e1 las especialidades \u00fanicas de Marsella, desde los bocadillos favoritos de los marselleses hasta el eterno aperitivo&#8230; \u00a1el pastis!<\/p>    <\/div>\n<\/div>\n<!-- \/module text -->        <\/div>\n                        <\/div>\n        <\/div>\n                        <div  data-css_id=\"51rr861\" data-lazy=\"1\" class=\"module_row themify_builder_row tour-title fullwidth tb_51rr861 tf_w\">\n                        <div class=\"row_inner col_align_top tb_col_count_1 tf_box tf_rel\">\n                        <div  data-lazy=\"1\" class=\"module_column tb-column col-full tb_uqrz861 first\">\n                    <!-- module buttons -->\n<div  class=\"module module-buttons tb_q1nx861 buttons-horizontal solid  xlarge rounded\" data-lazy=\"1\">\n        <div class=\"module-buttons-item tf_in_flx\">\n                        <a href=\"https:\/\/walking-food-tours.com\/es\/tours-gastronomicos\/marseille-3h\/\" class=\"ui builder_button tf_in_flx orange\" >\n                                                RESERVAR LA VISITA                                        <\/a>\n                <\/div>\n            <\/div>\n<!-- \/module buttons -->\n        <div  data-lazy=\"1\" class=\"module_subrow themify_builder_sub_row tf_w gutter-narrow col_align_top tb_col_count_3 tb_q5y4862\">\n                <div  data-lazy=\"1\" class=\"module_column sub_column col3-1 tb_ivkm862 first\">\n                    <!-- module image -->\n<div  class=\"module module-image tb_fhc5862 image-full-overlay   tf_mw\" data-lazy=\"1\">\n        <div class=\"image-wrap tf_rel tf_mw\">\n            <img loading=\"lazy\" decoding=\"async\" width=\"600\" height=\"450\" src=\"https:\/\/walking-food-tours.com\/wp-content\/uploads\/2021\/02\/Marche-Marseille-.jpg\" class=\"wp-post-image wp-image-3757\" title=\"March\u00e9-Marseille\" alt=\"March\u00e9 \u00e0 Marseille\">    \n        <\/div>\n    <!-- \/image-wrap -->\n    \n        <\/div>\n<!-- \/module image -->        <\/div>\n                    <div  data-lazy=\"1\" class=\"module_column sub_column col3-1 tb_w9wv862\">\n                    <!-- module image -->\n<div  class=\"module module-image tb_0vae862 image-overlay   tf_mw\" data-lazy=\"1\">\n        <div class=\"image-wrap tf_rel tf_mw\">\n            <img loading=\"lazy\" decoding=\"async\" width=\"600\" height=\"450\" src=\"https:\/\/walking-food-tours.com\/wp-content\/uploads\/2021\/02\/Patisserie-traditionnelle-sur-Marseille.jpg\" class=\"wp-post-image wp-image-3751\" title=\"P\u00e2tisserie-traditionnelle-sur-Marseille\" alt=\"P\u00e2tisserie traditionnelle \u00e0 Marseille\">    \n    \n                <\/div>\n        <!-- \/image-wrap -->\n    <\/div>\n<!-- \/module image -->        <\/div>\n                    <div  data-lazy=\"1\" class=\"module_column sub_column col3-1 tb_5g51863 last\">\n                    <!-- module image -->\n<div  class=\"module module-image tb_jz3j863 image-overlay   tf_mw\" data-lazy=\"1\">\n        <div class=\"image-wrap tf_rel tf_mw\">\n            <img loading=\"lazy\" decoding=\"async\" width=\"600\" height=\"450\" src=\"https:\/\/walking-food-tours.com\/wp-content\/uploads\/2021\/02\/Fromagerie-Marseille-.jpg\" class=\"wp-post-image wp-image-3752\" title=\"Fromagerie-Marseille\" alt=\"Fromagerie Marseille\">    \n    \n                <\/div>\n        <!-- \/image-wrap -->\n    <\/div>\n<!-- \/module image -->        <\/div>\n                    <\/div>\n                <\/div>\n                        <\/div>\n        <\/div>\n                        <div  data-lazy=\"1\" class=\"module_row themify_builder_row tour-title tb_qksx0 tf_w\">\n                        <div class=\"row_inner col_align_top tb_col_count_1 tf_box tf_rel\">\n                        <div  data-lazy=\"1\" class=\"module_column tb-column col-full tb_3gml0 first\">\n                    <!-- module text -->\n<div  class=\"module module-text tb_r8pw0   \" data-lazy=\"1\">\n        <div  class=\"tb_text_wrap\">\n        <p style=\"text-align: center;\">Con todas nuestras compras recogidas aqu\u00ed y all\u00e1, pasearemos despu\u00e9s por las callejuelas del barrio m\u00e1s antiguo de Francia: Le Panier, donde los talleres de los artistas son invitados&#8230;<\/p><p style=\"text-align: center;\">All\u00ed, en el coraz\u00f3n del barrio hist\u00f3rico, nos sentaremos al fresco para degustar todas nuestras vituallas. La guinda del pastel de nuestro paseo: una degustaci\u00f3n de vinos en la casa del habitante en un bonito jard\u00edn t\u00edpico de Marsella&#8230;<\/p>    <\/div>\n<\/div>\n<!-- \/module text -->        <\/div>\n                        <\/div>\n        <\/div>\n                        <div  data-css_id=\"orsi555\" data-lazy=\"1\" class=\"module_row themify_builder_row tour-title fullwidth tb_orsi555 tf_w\">\n                        <div class=\"row_inner col_align_top tb_col_count_1 tf_box tf_rel\">\n                        <div  data-lazy=\"1\" class=\"module_column tb-column col-full tb_ng89555 first\">\n                            <div  data-lazy=\"1\" class=\"module_subrow themify_builder_sub_row tf_w gutter-narrow col_align_top tb_col_count_3 tb_fdt1556\">\n                <div  data-lazy=\"1\" class=\"module_column sub_column col3-1 tb_avih557 first\">\n                    <!-- module image -->\n<div  class=\"module module-image tb_1v8u557 image-full-overlay   tf_mw\" data-lazy=\"1\">\n        <div class=\"image-wrap tf_rel tf_mw\">\n            <img loading=\"lazy\" decoding=\"async\" width=\"600\" height=\"450\" src=\"https:\/\/walking-food-tours.com\/wp-content\/uploads\/2021\/02\/Epicerie-dans-le-centre-de-Marseille-tour-gourmand.jpg\" class=\"wp-post-image wp-image-4087\" title=\"Epicerie-dans-le-centre-de-Marseille - tour-gourmand\" alt=\"epicerie centre ville Marseille\">    \n        <\/div>\n    <!-- \/image-wrap -->\n    \n        <\/div>\n<!-- \/module image -->        <\/div>\n                    <div  data-lazy=\"1\" class=\"module_column sub_column col3-1 tb_llof557\">\n                    <!-- module image -->\n<div  class=\"module module-image tb_fmeo558 image-full-overlay   tf_mw\" data-lazy=\"1\">\n        <div class=\"image-wrap tf_rel tf_mw\">\n            <img loading=\"lazy\" decoding=\"async\" width=\"600\" height=\"450\" src=\"https:\/\/walking-food-tours.com\/wp-content\/uploads\/2021\/02\/aioli-plat-typique-de-Marseille.jpg\" class=\"wp-post-image wp-image-4085\" title=\"aioli-plat-typique-de-Marseille\" alt=\"Aioli\">    \n        <\/div>\n    <!-- \/image-wrap -->\n    \n        <\/div>\n<!-- \/module image -->        <\/div>\n                    <div  data-lazy=\"1\" class=\"module_column sub_column col3-1 tb_ztdh558 last\">\n                    <!-- module image -->\n<div  class=\"module module-image tb_9qh5558 image-full-overlay   tf_mw\" data-lazy=\"1\">\n        <div class=\"image-wrap tf_rel tf_mw\">\n            <img loading=\"lazy\" decoding=\"async\" width=\"600\" height=\"450\" src=\"https:\/\/walking-food-tours.com\/wp-content\/uploads\/2021\/02\/Marseille-Art-Tour-2.jpg\" class=\"wp-post-image wp-image-6236\" title=\"D\u00e9jeuner \u00e0 Marseille\" alt=\"D\u00e9jeuner \u00e0 Marseille\">    \n        <\/div>\n    <!-- \/image-wrap -->\n    \n        <\/div>\n<!-- \/module image -->        <\/div>\n                    <\/div>\n                <\/div>\n                        <\/div>\n        <\/div>\n                        <div  data-css_id=\"gcsu266\" data-lazy=\"1\" class=\"module_row themify_builder_row fullwidth_row_container tb_gcsu266 tf_w\">\n                        <div class=\"row_inner col_align_top tb_col_count_1 tf_box tf_rel\">\n                        <div  data-lazy=\"1\" class=\"module_column tb-column col-full tb_xhzv266 first\">\n                    <!-- module fancy heading -->\n<div  class=\"module module-fancy-heading tb_2js4267 \" data-lazy=\"1\">\n        <h3 class=\"fancy-heading tf_textc\">\n    <span class=\"main-head tf_block\">\n                    INFORMACI\u00d3N PR\u00c1CTICA            <\/span>\n\n    \n    <span class=\"sub-head tf_block tf_rel\">\n                                <\/span>\n    <\/h3>\n<\/div>\n<!-- \/module fancy heading -->\n        <div  data-lazy=\"1\" class=\"module_subrow themify_builder_sub_row tf_w col_align_top tb_col_count_3 tb_571y267\">\n                <div  data-lazy=\"1\" class=\"module_column sub_column col3-1 tb_tef5267 first\">\n                    <!-- module feature -->\n<div  class=\"module module-feature tb_z2qu268 with-chart layout-icon-top size-small \" data-layout-mobile=\"icon-top\" data-layout-desktop=\"icon-top\" data-lazy=\"1\">\n        <div class=\"module-feature-image tf_textc tf_rel\">\n                            <span class=\"module-feature-chart-html5 tf_box tf_rel tf_inline_b\">\n                                    <svg class=\"tf_abs tf_w tf_h\">\n                    <circle class=\"tb_feature_fill\" r=\"calc(50% - 1.00px)\" cx=\"50%\" cy=\"50%\" stroke-width=\"2\"\/>\n                    <circle class=\"tb_feature_stroke\" r=\"calc(50% - 1.00px)\" cx=\"50%\" cy=\"50%\" stroke=\"#fe6500\" stroke-width=\"2\" data-progress=\"100\" stroke-dasharray=\"0,10000\"\/>\n                                        <\/svg>\n                                <span class=\"chart-html5-circle tf_w tf_h\">\n                                            <em class=\"module-feature-icon tf_rel\"><svg  class=\"tf_fa tf-ti-timer\" aria-hidden=\"true\"><use href=\"#tf-ti-timer\"><\/use><\/svg><\/em>\n                                    <\/span>\n\n                \n            <\/span>\n                <\/div>\n    <div class=\"module-feature-content tf_textc\">\n                    <h3 class=\"module-feature-title\">\n                            DURACI\u00d3N 3H00                        <\/h3>\n                    <div class=\"tb_text_wrap\">\n                    <\/div>\n    <\/div>\n<\/div>\n<!-- \/module feature -->\n        <\/div>\n                    <div  data-lazy=\"1\" class=\"module_column sub_column col3-1 tb_1gjw268\">\n                    <!-- module feature -->\n<div  class=\"module module-feature tb_dtfu268 with-chart layout-icon-top size-small \" data-layout-mobile=\"icon-top\" data-layout-desktop=\"icon-top\" data-lazy=\"1\">\n        <div class=\"module-feature-image tf_textc tf_rel\">\n                            <span class=\"module-feature-chart-html5 tf_box tf_rel tf_inline_b\">\n                                    <svg class=\"tf_abs tf_w tf_h\">\n                    <circle class=\"tb_feature_fill\" r=\"calc(50% - 1.00px)\" cx=\"50%\" cy=\"50%\" stroke-width=\"2\"\/>\n                    <circle class=\"tb_feature_stroke\" r=\"calc(50% - 1.00px)\" cx=\"50%\" cy=\"50%\" stroke=\"#fe6500\" stroke-width=\"2\" data-progress=\"100\" stroke-dasharray=\"0,10000\"\/>\n                                        <\/svg>\n                                <span class=\"chart-html5-circle tf_w tf_h\">\n                                            <em class=\"module-feature-icon tf_rel\"><svg  class=\"tf_fa tf-ti-calendar\" aria-hidden=\"true\"><use href=\"#tf-ti-calendar\"><\/use><\/svg><\/em>\n                                    <\/span>\n\n                \n            <\/span>\n                <\/div>\n    <div class=\"module-feature-content tf_textc\">\n                    <h3 class=\"module-feature-title\">\n                            11H-14H DE MARTES A DOMINGO                        <\/h3>\n                    <div class=\"tb_text_wrap\">\n                    <\/div>\n    <\/div>\n<\/div>\n<!-- \/module feature -->\n        <\/div>\n                    <div  data-lazy=\"1\" class=\"module_column sub_column col3-1 tb_rfit268 last\">\n                    <!-- module feature -->\n<div  class=\"module module-feature tb_5eim268 with-chart layout-icon-top size-small \" data-layout-mobile=\"icon-top\" data-layout-desktop=\"icon-top\" data-lazy=\"1\">\n        <div class=\"module-feature-image tf_textc tf_rel\">\n                            <span class=\"module-feature-chart-html5 tf_box tf_rel tf_inline_b\">\n                                    <svg class=\"tf_abs tf_w tf_h\">\n                    <circle class=\"tb_feature_fill\" r=\"calc(50% - 1.00px)\" cx=\"50%\" cy=\"50%\" stroke-width=\"2\"\/>\n                    <circle class=\"tb_feature_stroke\" r=\"calc(50% - 1.00px)\" cx=\"50%\" cy=\"50%\" stroke=\"#fe6500\" stroke-width=\"2\" data-progress=\"100\" stroke-dasharray=\"0,10000\"\/>\n                                        <\/svg>\n                                <span class=\"chart-html5-circle tf_w tf_h\">\n                                            <em class=\"module-feature-icon tf_rel\"><svg  class=\"tf_fa tf-fas-users\" aria-hidden=\"true\"><use href=\"#tf-fas-users\"><\/use><\/svg><\/em>\n                                    <\/span>\n\n                \n            <\/span>\n                <\/div>\n    <div class=\"module-feature-content tf_textc\">\n                    <h3 class=\"module-feature-title\">\n                            VISITA PRIVADA A PARTIR DE 4 PERSONAS                        <\/h3>\n                    <div class=\"tb_text_wrap\">\n                    <\/div>\n    <\/div>\n<\/div>\n<!-- \/module feature -->\n        <\/div>\n                    <\/div>\n                <div  data-lazy=\"1\" class=\"module_subrow themify_builder_sub_row tf_w col_align_top tb_col_count_3 tb_2mc4268\">\n                <div  data-lazy=\"1\" class=\"module_column sub_column col3-1 tb_ygy8268 first\">\n                    <!-- module feature -->\n<div  class=\"module module-feature tb_psi3269 with-chart layout-icon-top size-small \" data-layout-mobile=\"icon-top\" data-layout-desktop=\"icon-top\" data-lazy=\"1\">\n        <div class=\"module-feature-image tf_textc tf_rel\">\n                            <span class=\"module-feature-chart-html5 tf_box tf_rel tf_inline_b\">\n                                    <svg class=\"tf_abs tf_w tf_h\">\n                    <circle class=\"tb_feature_fill\" r=\"calc(50% - 1.00px)\" cx=\"50%\" cy=\"50%\" stroke-width=\"2\"\/>\n                    <circle class=\"tb_feature_stroke\" r=\"calc(50% - 1.00px)\" cx=\"50%\" cy=\"50%\" stroke=\"#fe6500\" stroke-width=\"2\" data-progress=\"100\" stroke-dasharray=\"0,10000\"\/>\n                                        <\/svg>\n                                <span class=\"chart-html5-circle tf_w tf_h\">\n                                            <em class=\"module-feature-icon tf_rel\"><svg  class=\"tf_fa tf-ti-flag-alt\" aria-hidden=\"true\"><use href=\"#tf-ti-flag-alt\"><\/use><\/svg><\/em>\n                                    <\/span>\n\n                \n            <\/span>\n                <\/div>\n    <div class=\"module-feature-content tf_textc\">\n                    <h3 class=\"module-feature-title\">\n                            FRANC\u00c9S \/ INGL\u00c9S                        <\/h3>\n                    <div class=\"tb_text_wrap\">\n                    <\/div>\n    <\/div>\n<\/div>\n<!-- \/module feature -->\n        <\/div>\n                    <div  data-lazy=\"1\" class=\"module_column sub_column col3-1 tb_vgg7269\">\n                    <!-- module feature -->\n<div  class=\"module module-feature tb_azu4269 with-chart layout-icon-top size-small \" data-layout-mobile=\"icon-top\" data-layout-desktop=\"icon-top\" data-lazy=\"1\">\n        <div class=\"module-feature-image tf_textc tf_rel\">\n                            <span class=\"module-feature-chart-html5 tf_box tf_rel tf_inline_b\">\n                                    <svg class=\"tf_abs tf_w tf_h\">\n                    <circle class=\"tb_feature_fill\" r=\"calc(50% - 1.00px)\" cx=\"50%\" cy=\"50%\" stroke-width=\"2\"\/>\n                    <circle class=\"tb_feature_stroke\" r=\"calc(50% - 1.00px)\" cx=\"50%\" cy=\"50%\" stroke=\"#fe6500\" stroke-width=\"2\" data-progress=\"100\" stroke-dasharray=\"0,10000\"\/>\n                                        <\/svg>\n                                <span class=\"chart-html5-circle tf_w tf_h\">\n                                            <em class=\"module-feature-icon tf_rel\"><svg  class=\"tf_fa tf-fas-utensils\" aria-hidden=\"true\"><use href=\"#tf-fas-utensils\"><\/use><\/svg><\/em>\n                                    <\/span>\n\n                \n            <\/span>\n                <\/div>\n    <div class=\"module-feature-content tf_textc\">\n                    <h3 class=\"module-feature-title\">\n                            8\/10 PARADAS                        <\/h3>\n                    <div class=\"tb_text_wrap\">\n                    <\/div>\n    <\/div>\n<\/div>\n<!-- \/module feature -->\n        <\/div>\n                    <div  data-lazy=\"1\" class=\"module_column sub_column col3-1 tb_o450269 last\">\n                    <!-- module feature -->\n<div  class=\"module module-feature tb_3rf8269 with-chart layout-icon-top size-small \" data-layout-mobile=\"icon-top\" data-layout-desktop=\"icon-top\" data-lazy=\"1\">\n        <div class=\"module-feature-image tf_textc tf_rel\">\n                            <span class=\"module-feature-chart-html5 tf_box tf_rel tf_inline_b\">\n                                    <svg class=\"tf_abs tf_w tf_h\">\n                    <circle class=\"tb_feature_fill\" r=\"calc(50% - 1.00px)\" cx=\"50%\" cy=\"50%\" stroke-width=\"2\"\/>\n                    <circle class=\"tb_feature_stroke\" r=\"calc(50% - 1.00px)\" cx=\"50%\" cy=\"50%\" stroke=\"#fe6500\" stroke-width=\"2\" data-progress=\"100\" stroke-dasharray=\"0,10000\"\/>\n                                        <\/svg>\n                                <span class=\"chart-html5-circle tf_w tf_h\">\n                                            <em class=\"module-feature-icon tf_rel\"><svg  class=\"tf_fa tf-ti-cup\" aria-hidden=\"true\"><use href=\"#tf-ti-cup\"><\/use><\/svg><\/em>\n                                    <\/span>\n\n                \n            <\/span>\n                <\/div>\n    <div class=\"module-feature-content tf_textc\">\n                    <h3 class=\"module-feature-title\">\n                            GU\u00cdA ESPECIALIZADA EN ENOLOG\u00cdA, GASTRONOM\u00cdA Y CULTURA DE PROVENZA                        <\/h3>\n                    <div class=\"tb_text_wrap\">\n                    <\/div>\n    <\/div>\n<\/div>\n<!-- \/module feature -->\n        <\/div>\n                    <\/div>\n                <\/div>\n                        <\/div>\n        <\/div>\n                        <div  data-css_id=\"6xj9104\" data-lazy=\"1\" class=\"module_row themify_builder_row fullwidth tb_6xj9104 tf_w\">\n            <span class=\"builder_row_cover tf_abs\"><\/span>            <div class=\"row_inner col_align_top tb_col_count_1 tf_box tf_rel\">\n                        <div  data-lazy=\"1\" class=\"module_column tb-column col-full tb_ht1s105 first\">\n                    <!-- module fancy heading -->\n<div  class=\"module module-fancy-heading tb_2drx106 \" data-lazy=\"1\">\n        <h3 class=\"fancy-heading tf_textc\">\n    <span class=\"main-head tf_block\">\n                    EN EL MEN\u00da            <\/span>\n\n    \n    <span class=\"sub-head tf_block tf_rel\">\n                                <\/span>\n    <\/h3>\n<\/div>\n<!-- \/module fancy heading -->\n        <div  data-lazy=\"1\" class=\"module_subrow themify_builder_sub_row tf_w col_align_top tb_col_count_3 tb_z9tf106\">\n                <div  data-lazy=\"1\" class=\"module_column sub_column col3-1 tb_makv106 first\">\n                    <!-- module text -->\n<div  class=\"module module-text tb_vlpl106   \" data-lazy=\"1\">\n        <div  class=\"tb_text_wrap\">\n        <h4 style=\"text-align: center;\">PROGRAMA<\/h4>\n<p style=\"text-align: center;\">Ver el gran mercado del centro de la ciudad<br \/>\nTiendas t\u00edpicas<br \/>\nMercado de pescado del Puerto Viejo<br \/>\nRecorrido fuera de los caminos trillados<br \/>\nUn vistazo a la historia local<br \/>\nGarantizado para tentar sus papilas gustativas<\/p>\n    <\/div>\n<\/div>\n<!-- \/module text -->        <\/div>\n                    <div  data-lazy=\"1\" class=\"module_column sub_column col3-1 tb_n953107\">\n                    <!-- module text -->\n<div  class=\"module module-text tb_r1fq107   \" data-lazy=\"1\">\n        <div  class=\"tb_text_wrap\">\n        <h4 style=\"text-align: center;\">DELICIAS<\/h4><p style=\"text-align: center;\">Navette (galleta de Marsella)<br \/>Panisse (panqueque de garbanzos)<br \/>Pasteler\u00eda<br \/>Degustaci\u00f3n de quesos<br \/>Poutargue (caviar de Martigues)<br \/>Sopa de roca<br \/>Chocolate de Marsella<\/p>    <\/div>\n<\/div>\n<!-- \/module text -->        <\/div>\n                    <div  data-lazy=\"1\" class=\"module_column sub_column col3-1 tb_5gnn107 last\">\n                    <!-- module text -->\n<div  class=\"module module-text tb_kx9w107   \" data-lazy=\"1\">\n        <div  class=\"tb_text_wrap\">\n        <h4 style=\"text-align: center;\">BEBIDAS<\/h4>\n<p style=\"text-align: center;\">T\u00e9 de menta<br \/>\nCata de vinos<br \/>\nLimonada<br \/>\nPastis<\/p>\n    <\/div>\n<\/div>\n<!-- \/module text -->        <\/div>\n                    <\/div>\n                <\/div>\n                        <\/div>\n        <\/div>\n                        <div  data-lazy=\"1\" class=\"module_row themify_builder_row tb_t121760 tf_w\">\n                        <div class=\"row_inner col_align_top tb_col_count_2 tf_box tf_rel\">\n                        <div  data-lazy=\"1\" class=\"module_column tb-column col4-2 tb_2inn761 first\">\n                    <!-- module text -->\n<div  class=\"module module-text tb_af9a761   \" data-lazy=\"1\">\n        <div  class=\"tb_text_wrap\">\n        <h4><span class=\"ti_icon size-default corner-square icon-left bg-color-white text-color-white icon-color-custom\"><i class=\"ti-location-pin\" style=\"color: orange;\"><\/i> <\/span>PUNTO DE ENCUENTRO<\/h4><p>Su gu\u00eda le esperar\u00e1 a la salida de la estaci\u00f3n de metro de Vieux-Port &#8211; Quai des Belges bajo el paraguas met\u00e1lico de Norman Foster, junto a los puestos de pescado. \u00a1Tendr\u00eda un abanderado de la ciudad de Marsella como se\u00f1al de reuni\u00f3n!<br \/><strong>Quai des Belges &#8211; 13001 Marsella<\/strong><\/p>    <\/div>\n<\/div>\n<!-- \/module text --><!-- module text -->\n<div  class=\"module module-text tb_sbrh762   \" data-lazy=\"1\">\n        <div  class=\"tb_text_wrap\">\n        <h4><span class=\"ti_icon size-default corner-square icon-left bg-color-white text-color-white icon-color-custom\"><i class=\"ti-gift\" style=\"color: orange;\"><\/i> <\/span>OFERTA DUO<\/h4><p>Por cualquier reserva de un Tour Gourmet, recibir\u00e1 un c\u00f3digo de descuento del 10% v\u00e1lido en \u00a0<a href=\"http:\/\/evtt-provence.com\/\" target=\"_blank\" rel=\"noopener\" data-saferedirecturl=\"https:\/\/www.google.com\/url?q=http:\/\/EVTT-PROVENCE.COM&amp;source=gmail&amp;ust=1612797304107000&amp;usg=AFQjCNGMsiUqA3ktEsA-Vk_WOb8le4UPJQ\">EVTT-<span class=\"il\">PROVENCE<\/span>.COM<\/a>\u00a0(visita de las Calanques en bicicleta el\u00e9ctrica) o <a href=\"http:\/\/www.tuktukmarseille.com\/\" target=\"_blank\" rel=\"noopener\" data-saferedirecturl=\"https:\/\/www.google.com\/url?q=http:\/\/www.lyontuktour.com\/&amp;source=gmail&amp;ust=1612797304107000&amp;usg=AFQjCNHwlsXTbvLJEh-oghhHcYnM0ajWRg\">\u00a0TUKTUKMARSEILLE.COM<\/a> (visita en TukTuk el\u00e9ctrico)<\/p>    <\/div>\n<\/div>\n<!-- \/module text -->        <\/div>\n                    <div  data-lazy=\"1\" class=\"module_column tb-column col4-2 tb_okre763 last\">\n                    <!-- module text -->\n<div  class=\"module module-text tb_ddj2763   \" data-lazy=\"1\">\n        <div  class=\"tb_text_wrap\">\n        <p><iframe loading=\"lazy\" style=\"border: 0;\" tabindex=\"0\" src=\"https:\/\/www.google.com\/maps\/embed?pb=!1m18!1m12!1m3!1d2903.886602586065!2d5.372061315486168!3d43.295696379135165!2m3!1f0!2f0!3f0!3m2!1i1024!2i768!4f13.1!3m3!1m2!1s0x12c9c0bf4d132ba1%3A0x61117f2dcdcf46d0!2sQuai%20des%20Belges%2C%2013001%20Marseille%2C%20France!5e0!3m2!1sfr!2sde!4v1612886762013!5m2!1sfr!2sde\" width=\"450\" height=\"400\" frameborder=\"0\" allowfullscreen=\"allowfullscreen\" aria-hidden=\"false\"><\/iframe><\/p>\n    <\/div>\n<\/div>\n<!-- \/module text -->        <\/div>\n                        <\/div>\n        <\/div>\n                        <div  data-lazy=\"1\" class=\"module_row themify_builder_row tb_ym3d303 tf_w\">\n                        <div class=\"row_inner col_align_top tb_col_count_1 tf_box tf_rel\">\n                        <div  data-lazy=\"1\" class=\"module_column tb-column col-full tb_uvc1303 first\">\n                    <!-- module fancy heading -->\n<div  class=\"module module-fancy-heading tb_zplh304 \" data-lazy=\"1\">\n        <h3 class=\"fancy-heading tf_textc\">\n    <span class=\"main-head tf_block\">\n                    \u00bfUNA PREGUNTA?            <\/span>\n\n    \n    <span class=\"sub-head tf_block tf_rel\">\n                                <\/span>\n    <\/h3>\n<\/div>\n<!-- \/module fancy heading -->\n<!-- module text -->\n<div  class=\"module module-text tb_f32b305   \" data-lazy=\"1\">\n        <div  class=\"tb_text_wrap\">\n        <p style=\"text-align: center;\">\u00a0 Encuentre toda la informaci\u00f3n en nuestra p\u00e1gina de preguntas frecuentes haciendo <a href=\"https:\/\/walking-food-tours.com\/es\/preguntas-frecuentes\/\">clic aqu\u00ed<\/a><\/p>    <\/div>\n<\/div>\n<!-- \/module text --><!-- module buttons -->\n<div  class=\"module module-buttons tb_rry5305 buttons-horizontal solid  xlarge rounded\" data-lazy=\"1\">\n        <div class=\"module-buttons-item tf_in_flx\">\n                        <a href=\"https:\/\/walking-food-tours.com\/es\/tours-gastronomicos\/marseille-3h\/\" class=\"ui builder_button tf_in_flx orange\" >\n                                                RESERVAR LA VISITA                                        <\/a>\n                <\/div>\n            <\/div>\n<!-- \/module buttons -->\n        <\/div>\n                        <\/div>\n        <\/div>\n        <\/div>\n<!--\/themify_builder_content-->\n<p>&nbsp;<\/p>","protected":false},"excerpt":{"rendered":"<p>Tour gastron\u00f3mico de Marsella 3h PASEO GASTRON\u00d3MICO POR EL CENTRO HIST\u00d3RICO DE MARSELLA Nos encontraremos en la estaci\u00f3n de metro \u00abVieux Port\u00bb. Tras un breve paseo por los muelles, en el famoso mercado del pescado, pasaremos por delante del antiguo puerto de Marsella, en esta ocasi\u00f3n, descubrir\u00e1 la incre\u00edble historia de esta ciudad griega: Massalia. [&hellip;]<\/p>\n","protected":false},"author":2,"featured_media":5421,"comment_status":"closed","ping_status":"open","sticky":false,"template":"","format":"standard","meta":{"footnotes":""},"categories":[294],"tags":[],"class_list":["post-6235","post","type-post","status-publish","format-standard","has-post-thumbnail","hentry","category-paseos-gastronomicos","has-post-title","has-post-date","has-post-category","has-post-tag","has-post-comment","has-post-author",""],"yoast_head":"<!-- This site is optimized with the Yoast SEO plugin v24.4 - https:\/\/yoast.com\/wordpress\/plugins\/seo\/ -->\n<title>TOUR GASTRON\u00d3MICO DE MARSELLA - 3H00<\/title>\n<meta name=\"description\" content=\"Tour gastron\u00f3mico de Marsella 3h PASEO GASTRON\u00d3MICO POR EL CENTRO HIST\u00d3RICO DE MARSELLA Nos encontraremos en la estaci\u00f3n de metro &quot;Vieux Port&quot;. Tras un\" \/>\n<meta name=\"robots\" content=\"index, follow, max-snippet:-1, max-image-preview:large, max-video-preview:-1\" \/>\n<link rel=\"canonical\" href=\"https:\/\/walking-food-tours.com\/es\/tour-gastronomico-marsella-3h\/\" \/>\n<meta property=\"og:locale\" content=\"es_ES\" \/>\n<meta property=\"og:type\" content=\"article\" \/>\n<meta property=\"og:title\" content=\"TOUR GASTRON\u00d3MICO DE MARSELLA - 3H00\" \/>\n<meta property=\"og:description\" content=\"Tour gastron\u00f3mico de Marsella 3h PASEO GASTRON\u00d3MICO POR EL CENTRO HIST\u00d3RICO DE MARSELLA Nos encontraremos en la estaci\u00f3n de metro &quot;Vieux Port&quot;. Tras un\" \/>\n<meta property=\"og:url\" content=\"https:\/\/walking-food-tours.com\/es\/tour-gastronomico-marsella-3h\/\" \/>\n<meta property=\"og:site_name\" content=\"Walking food tours.com\" \/>\n<meta property=\"article:published_time\" content=\"2021-02-15T08:51:01+00:00\" \/>\n<meta property=\"article:modified_time\" content=\"2021-06-03T10:05:38+00:00\" \/>\n<meta property=\"og:image\" content=\"https:\/\/walking-food-tours.com\/wp-content\/uploads\/2021\/02\/Marseille-tour-gourmand-3h.jpg\" \/>\n\t<meta property=\"og:image:width\" content=\"600\" \/>\n\t<meta property=\"og:image:height\" content=\"450\" \/>\n\t<meta property=\"og:image:type\" content=\"image\/jpeg\" \/>\n<meta name=\"author\" content=\"laurent\" \/>\n<meta name=\"twitter:card\" content=\"summary_large_image\" \/>\n<meta name=\"twitter:label1\" content=\"Escrito por\" \/>\n\t<meta name=\"twitter:data1\" content=\"laurent\" \/>\n\t<meta name=\"twitter:label2\" content=\"Tiempo de lectura\" \/>\n\t<meta name=\"twitter:data2\" content=\"4 minutos\" \/>\n<script type=\"application\/ld+json\" class=\"yoast-schema-graph\">{\"@context\":\"https:\/\/schema.org\",\"@graph\":[{\"@type\":\"WebPage\",\"@id\":\"https:\/\/walking-food-tours.com\/es\/tour-gastronomico-marsella-3h\/\",\"url\":\"https:\/\/walking-food-tours.com\/es\/tour-gastronomico-marsella-3h\/\",\"name\":\"TOUR GASTRON\u00d3MICO DE MARSELLA - 3H00\",\"isPartOf\":{\"@id\":\"https:\/\/walking-food-tours.com\/#website\"},\"primaryImageOfPage\":{\"@id\":\"https:\/\/walking-food-tours.com\/es\/tour-gastronomico-marsella-3h\/#primaryimage\"},\"image\":{\"@id\":\"https:\/\/walking-food-tours.com\/es\/tour-gastronomico-marsella-3h\/#primaryimage\"},\"thumbnailUrl\":\"https:\/\/walking-food-tours.com\/wp-content\/uploads\/2021\/02\/Marseille-tour-gourmand-3h.jpg\",\"datePublished\":\"2021-02-15T08:51:01+00:00\",\"dateModified\":\"2021-06-03T10:05:38+00:00\",\"author\":{\"@id\":\"https:\/\/walking-food-tours.com\/#\/schema\/person\/6d4bb211cbe4c805add95bf0a5e79ca3\"},\"description\":\"Tour gastron\u00f3mico de Marsella 3h PASEO GASTRON\u00d3MICO POR EL CENTRO HIST\u00d3RICO DE MARSELLA Nos encontraremos en la estaci\u00f3n de metro \\\"Vieux Port\\\". Tras un\",\"breadcrumb\":{\"@id\":\"https:\/\/walking-food-tours.com\/es\/tour-gastronomico-marsella-3h\/#breadcrumb\"},\"inLanguage\":\"es\",\"potentialAction\":[{\"@type\":\"ReadAction\",\"target\":[\"https:\/\/walking-food-tours.com\/es\/tour-gastronomico-marsella-3h\/\"]}]},{\"@type\":\"ImageObject\",\"inLanguage\":\"es\",\"@id\":\"https:\/\/walking-food-tours.com\/es\/tour-gastronomico-marsella-3h\/#primaryimage\",\"url\":\"https:\/\/walking-food-tours.com\/wp-content\/uploads\/2021\/02\/Marseille-tour-gourmand-3h.jpg\",\"contentUrl\":\"https:\/\/walking-food-tours.com\/wp-content\/uploads\/2021\/02\/Marseille-tour-gourmand-3h.jpg\",\"width\":600,\"height\":450,\"caption\":\"Marselha - tour gourmet 3h\"},{\"@type\":\"BreadcrumbList\",\"@id\":\"https:\/\/walking-food-tours.com\/es\/tour-gastronomico-marsella-3h\/#breadcrumb\",\"itemListElement\":[{\"@type\":\"ListItem\",\"position\":1,\"name\":\"Accueil\",\"item\":\"https:\/\/walking-food-tours.com\/es\/\"},{\"@type\":\"ListItem\",\"position\":2,\"name\":\"TOUR GASTRON\u00d3MICO DE MARSELLA &#8211; 3H00\"}]},{\"@type\":\"WebSite\",\"@id\":\"https:\/\/walking-food-tours.com\/#website\",\"url\":\"https:\/\/walking-food-tours.com\/\",\"name\":\"Walking food tours.com\",\"description\":\"Provenza - excursiones - circuitos ins\u00f3litos - excursi\u00f3n gastron\u00f3mica - un d\u00eda en el mar - taller enol\u00f3gico - la ruta del vino de Provenza\",\"potentialAction\":[{\"@type\":\"SearchAction\",\"target\":{\"@type\":\"EntryPoint\",\"urlTemplate\":\"https:\/\/walking-food-tours.com\/?s={search_term_string}\"},\"query-input\":{\"@type\":\"PropertyValueSpecification\",\"valueRequired\":true,\"valueName\":\"search_term_string\"}}],\"inLanguage\":\"es\"},{\"@type\":\"Person\",\"@id\":\"https:\/\/walking-food-tours.com\/#\/schema\/person\/6d4bb211cbe4c805add95bf0a5e79ca3\",\"name\":\"laurent\",\"image\":{\"@type\":\"ImageObject\",\"inLanguage\":\"es\",\"@id\":\"https:\/\/walking-food-tours.com\/#\/schema\/person\/image\/\",\"url\":\"https:\/\/secure.gravatar.com\/avatar\/7666fe32d5f46151ee11278887217335?s=96&d=mm&r=g\",\"contentUrl\":\"https:\/\/secure.gravatar.com\/avatar\/7666fe32d5f46151ee11278887217335?s=96&d=mm&r=g\",\"caption\":\"laurent\"},\"url\":\"https:\/\/walking-food-tours.com\/es\/author\/laurent\/\"}]}<\/script>\n<!-- \/ Yoast SEO plugin. -->","yoast_head_json":{"title":"TOUR GASTRON\u00d3MICO DE MARSELLA - 3H00","description":"Tour gastron\u00f3mico de Marsella 3h PASEO GASTRON\u00d3MICO POR EL CENTRO HIST\u00d3RICO DE MARSELLA Nos encontraremos en la estaci\u00f3n de metro \"Vieux Port\". Tras un","robots":{"index":"index","follow":"follow","max-snippet":"max-snippet:-1","max-image-preview":"max-image-preview:large","max-video-preview":"max-video-preview:-1"},"canonical":"https:\/\/walking-food-tours.com\/es\/tour-gastronomico-marsella-3h\/","og_locale":"es_ES","og_type":"article","og_title":"TOUR GASTRON\u00d3MICO DE MARSELLA - 3H00","og_description":"Tour gastron\u00f3mico de Marsella 3h PASEO GASTRON\u00d3MICO POR EL CENTRO HIST\u00d3RICO DE MARSELLA Nos encontraremos en la estaci\u00f3n de metro \"Vieux Port\". Tras un","og_url":"https:\/\/walking-food-tours.com\/es\/tour-gastronomico-marsella-3h\/","og_site_name":"Walking food tours.com","article_published_time":"2021-02-15T08:51:01+00:00","article_modified_time":"2021-06-03T10:05:38+00:00","og_image":[{"width":600,"height":450,"url":"https:\/\/walking-food-tours.com\/wp-content\/uploads\/2021\/02\/Marseille-tour-gourmand-3h.jpg","type":"image\/jpeg"}],"author":"laurent","twitter_card":"summary_large_image","twitter_misc":{"Escrito por":"laurent","Tiempo de lectura":"4 minutos"},"schema":{"@context":"https:\/\/schema.org","@graph":[{"@type":"WebPage","@id":"https:\/\/walking-food-tours.com\/es\/tour-gastronomico-marsella-3h\/","url":"https:\/\/walking-food-tours.com\/es\/tour-gastronomico-marsella-3h\/","name":"TOUR GASTRON\u00d3MICO DE MARSELLA - 3H00","isPartOf":{"@id":"https:\/\/walking-food-tours.com\/#website"},"primaryImageOfPage":{"@id":"https:\/\/walking-food-tours.com\/es\/tour-gastronomico-marsella-3h\/#primaryimage"},"image":{"@id":"https:\/\/walking-food-tours.com\/es\/tour-gastronomico-marsella-3h\/#primaryimage"},"thumbnailUrl":"https:\/\/walking-food-tours.com\/wp-content\/uploads\/2021\/02\/Marseille-tour-gourmand-3h.jpg","datePublished":"2021-02-15T08:51:01+00:00","dateModified":"2021-06-03T10:05:38+00:00","author":{"@id":"https:\/\/walking-food-tours.com\/#\/schema\/person\/6d4bb211cbe4c805add95bf0a5e79ca3"},"description":"Tour gastron\u00f3mico de Marsella 3h PASEO GASTRON\u00d3MICO POR EL CENTRO HIST\u00d3RICO DE MARSELLA Nos encontraremos en la estaci\u00f3n de metro \"Vieux Port\". Tras un","breadcrumb":{"@id":"https:\/\/walking-food-tours.com\/es\/tour-gastronomico-marsella-3h\/#breadcrumb"},"inLanguage":"es","potentialAction":[{"@type":"ReadAction","target":["https:\/\/walking-food-tours.com\/es\/tour-gastronomico-marsella-3h\/"]}]},{"@type":"ImageObject","inLanguage":"es","@id":"https:\/\/walking-food-tours.com\/es\/tour-gastronomico-marsella-3h\/#primaryimage","url":"https:\/\/walking-food-tours.com\/wp-content\/uploads\/2021\/02\/Marseille-tour-gourmand-3h.jpg","contentUrl":"https:\/\/walking-food-tours.com\/wp-content\/uploads\/2021\/02\/Marseille-tour-gourmand-3h.jpg","width":600,"height":450,"caption":"Marselha - tour gourmet 3h"},{"@type":"BreadcrumbList","@id":"https:\/\/walking-food-tours.com\/es\/tour-gastronomico-marsella-3h\/#breadcrumb","itemListElement":[{"@type":"ListItem","position":1,"name":"Accueil","item":"https:\/\/walking-food-tours.com\/es\/"},{"@type":"ListItem","position":2,"name":"TOUR GASTRON\u00d3MICO DE MARSELLA &#8211; 3H00"}]},{"@type":"WebSite","@id":"https:\/\/walking-food-tours.com\/#website","url":"https:\/\/walking-food-tours.com\/","name":"Walking food tours.com","description":"Provenza - excursiones - circuitos ins\u00f3litos - excursi\u00f3n gastron\u00f3mica - un d\u00eda en el mar - taller enol\u00f3gico - la ruta del vino de Provenza","potentialAction":[{"@type":"SearchAction","target":{"@type":"EntryPoint","urlTemplate":"https:\/\/walking-food-tours.com\/?s={search_term_string}"},"query-input":{"@type":"PropertyValueSpecification","valueRequired":true,"valueName":"search_term_string"}}],"inLanguage":"es"},{"@type":"Person","@id":"https:\/\/walking-food-tours.com\/#\/schema\/person\/6d4bb211cbe4c805add95bf0a5e79ca3","name":"laurent","image":{"@type":"ImageObject","inLanguage":"es","@id":"https:\/\/walking-food-tours.com\/#\/schema\/person\/image\/","url":"https:\/\/secure.gravatar.com\/avatar\/7666fe32d5f46151ee11278887217335?s=96&d=mm&r=g","contentUrl":"https:\/\/secure.gravatar.com\/avatar\/7666fe32d5f46151ee11278887217335?s=96&d=mm&r=g","caption":"laurent"},"url":"https:\/\/walking-food-tours.com\/es\/author\/laurent\/"}]}},"_links":{"self":[{"href":"https:\/\/walking-food-tours.com\/es\/wp-json\/wp\/v2\/posts\/6235","targetHints":{"allow":["GET"]}}],"collection":[{"href":"https:\/\/walking-food-tours.com\/es\/wp-json\/wp\/v2\/posts"}],"about":[{"href":"https:\/\/walking-food-tours.com\/es\/wp-json\/wp\/v2\/types\/post"}],"author":[{"embeddable":true,"href":"https:\/\/walking-food-tours.com\/es\/wp-json\/wp\/v2\/users\/2"}],"replies":[{"embeddable":true,"href":"https:\/\/walking-food-tours.com\/es\/wp-json\/wp\/v2\/comments?post=6235"}],"version-history":[{"count":0,"href":"https:\/\/walking-food-tours.com\/es\/wp-json\/wp\/v2\/posts\/6235\/revisions"}],"wp:featuredmedia":[{"embeddable":true,"href":"https:\/\/walking-food-tours.com\/es\/wp-json\/wp\/v2\/media\/5421"}],"wp:attachment":[{"href":"https:\/\/walking-food-tours.com\/es\/wp-json\/wp\/v2\/media?parent=6235"}],"wp:term":[{"taxonomy":"category","embeddable":true,"href":"https:\/\/walking-food-tours.com\/es\/wp-json\/wp\/v2\/categories?post=6235"},{"taxonomy":"post_tag","embeddable":true,"href":"https:\/\/walking-food-tours.com\/es\/wp-json\/wp\/v2\/tags?post=6235"}],"curies":[{"name":"wp","href":"https:\/\/api.w.org\/{rel}","templated":true}]}}